{"id":10727,"date":"2018-04-11T09:21:53","date_gmt":"2018-04-11T07:21:53","guid":{"rendered":"https:\/\/multisilla.com\/multisilla-profesional\/?p=10727"},"modified":"2018-12-20T12:22:43","modified_gmt":"2018-12-20T10:22:43","slug":"el-martes-17-comienza-la-feria-de-milan","status":"publish","type":"post","link":"https:\/\/www.multisilla.com\/mobiliario-hosteleria\/el-martes-17-comienza-la-feria-de-milan\/","title":{"rendered":"El martes 17 comienza la feria de Mil\u00e1n"},"content":{"rendered":"<p>El pr\u00f3ximo d\u00eda 17 comienza la feria m\u00e1s importante del mundo del mueble moderno. Los m\u00e1s importantes fabricantes y dise\u00f1adores de la actualidad presentan sus novedades en este importante evento.<\/p>\n<p>Adjuntamos link con el listado de expositores, no falta ninguno !!!<\/p>\n<p>Andreu World, Ondarreta, Ton, Capdell, Kartell, Dressy, Cattelan, Bontempi&#8230;<\/p>\n<p>&nbsp;<\/p>\n<p>https:\/\/www.salonemilano.it\/espositori\/catalogo-espositori.html<\/p>\n<p>&nbsp;<\/p>\n","protected":false},"excerpt":{"rendered":"","protected":false},"author":2,"featured_media":10728,"comment_status":"closed","ping_status":"closed","sticky":false,"template":"","format":"standard","meta":{"footnotes":""},"categories":[682],"tags":[],"class_list":["post-10727","post","type-post","status-publish","format-standard","has-post-thumbnail","hentry","category-blog"],"yoast_head":"<!-- This site is optimized with the Yoast SEO plugin v23.1 - https:\/\/yoast.com\/wordpress\/plugins\/seo\/ -->\n<title>El martes 17 comienza la feria de Mil\u00e1n - Sillas de Oficina y Bar<\/title>\n<meta name=\"robots\" content=\"index, follow, max-snippet:-1, max-image-preview:large, max-video-preview:-1\" \/>\n<link rel=\"canonical\" href=\"https:\/\/www.multisilla.com\/mobiliario-hosteleria\/el-martes-17-comienza-la-feria-de-milan\/\" \/>\n<meta property=\"og:locale\" content=\"es_ES\" \/>\n<meta property=\"og:type\" content=\"article\" \/>\n<meta property=\"og:title\" content=\"El martes 17 comienza la feria de Mil\u00e1n - Sillas de Oficina y Bar\" \/>\n<meta property=\"og:url\" content=\"https:\/\/www.multisilla.com\/mobiliario-hosteleria\/el-martes-17-comienza-la-feria-de-milan\/\" \/>\n<meta property=\"og:site_name\" content=\"Sillas de Oficina y Bar\" \/>\n<meta property=\"article:published_time\" content=\"2018-04-11T07:21:53+00:00\" \/>\n<meta property=\"article:modified_time\" content=\"2018-12-20T10:22:43+00:00\" \/>\n<meta property=\"og:image\" content=\"https:\/\/www.multisilla.com\/mobiliario-hosteleria\/wp-content\/uploads\/feria-milan-2018-696x348.jpg\" \/>\n\t<meta property=\"og:image:width\" content=\"344\" \/>\n\t<meta property=\"og:image:height\" content=\"345\" \/>\n\t<meta property=\"og:image:type\" content=\"image\/jpeg\" \/>\n<meta name=\"author\" content=\"Multisilla\" \/>\n<meta name=\"twitter:card\" content=\"summary_large_image\" \/>\n<meta name=\"twitter:label1\" content=\"Escrito por\" \/>\n\t<meta name=\"twitter:data1\" content=\"Multisilla\" \/>\n<script type=\"application\/ld+json\" class=\"yoast-schema-graph\">{\"@context\":\"https:\/\/schema.org\",\"@graph\":[{\"@type\":\"Article\",\"@id\":\"https:\/\/www.multisilla.com\/mobiliario-hosteleria\/el-martes-17-comienza-la-feria-de-milan\/#article\",\"isPartOf\":{\"@id\":\"https:\/\/www.multisilla.com\/mobiliario-hosteleria\/el-martes-17-comienza-la-feria-de-milan\/\"},\"author\":{\"name\":\"Multisilla\",\"@id\":\"https:\/\/www.multisilla.com\/mobiliario-hosteleria\/#\/schema\/person\/2dba5ef723f9384118a4c20876b8ba1b\"},\"headline\":\"El martes 17 comienza la feria de Mil\u00e1n\",\"datePublished\":\"2018-04-11T07:21:53+00:00\",\"dateModified\":\"2018-12-20T10:22:43+00:00\",\"mainEntityOfPage\":{\"@id\":\"https:\/\/www.multisilla.com\/mobiliario-hosteleria\/el-martes-17-comienza-la-feria-de-milan\/\"},\"wordCount\":70,\"publisher\":{\"@id\":\"https:\/\/www.multisilla.com\/mobiliario-hosteleria\/#organization\"},\"image\":{\"@id\":\"https:\/\/www.multisilla.com\/mobiliario-hosteleria\/el-martes-17-comienza-la-feria-de-milan\/#primaryimage\"},\"thumbnailUrl\":\"https:\/\/www.multisilla.com\/mobiliario-hosteleria\/wp-content\/uploads\/feria-milan-2018-696x348.jpg\",\"articleSection\":[\"Blog\"],\"inLanguage\":\"es\"},{\"@type\":\"WebPage\",\"@id\":\"https:\/\/www.multisilla.com\/mobiliario-hosteleria\/el-martes-17-comienza-la-feria-de-milan\/\",\"url\":\"https:\/\/www.multisilla.com\/mobiliario-hosteleria\/el-martes-17-comienza-la-feria-de-milan\/\",\"name\":\"El martes 17 comienza la feria de Mil\u00e1n - Sillas de Oficina y Bar\",\"isPartOf\":{\"@id\":\"https:\/\/www.multisilla.com\/mobiliario-hosteleria\/#website\"},\"primaryImageOfPage\":{\"@id\":\"https:\/\/www.multisilla.com\/mobiliario-hosteleria\/el-martes-17-comienza-la-feria-de-milan\/#primaryimage\"},\"image\":{\"@id\":\"https:\/\/www.multisilla.com\/mobiliario-hosteleria\/el-martes-17-comienza-la-feria-de-milan\/#primaryimage\"},\"thumbnailUrl\":\"https:\/\/www.multisilla.com\/mobiliario-hosteleria\/wp-content\/uploads\/feria-milan-2018-696x348.jpg\",\"datePublished\":\"2018-04-11T07:21:53+00:00\",\"dateModified\":\"2018-12-20T10:22:43+00:00\",\"breadcrumb\":{\"@id\":\"https:\/\/www.multisilla.com\/mobiliario-hosteleria\/el-martes-17-comienza-la-feria-de-milan\/#breadcrumb\"},\"inLanguage\":\"es\",\"potentialAction\":[{\"@type\":\"ReadAction\",\"target\":[\"https:\/\/www.multisilla.com\/mobiliario-hosteleria\/el-martes-17-comienza-la-feria-de-milan\/\"]}]},{\"@type\":\"ImageObject\",\"inLanguage\":\"es\",\"@id\":\"https:\/\/www.multisilla.com\/mobiliario-hosteleria\/el-martes-17-comienza-la-feria-de-milan\/#primaryimage\",\"url\":\"https:\/\/www.multisilla.com\/mobiliario-hosteleria\/wp-content\/uploads\/feria-milan-2018-696x348.jpg\",\"contentUrl\":\"https:\/\/www.multisilla.com\/mobiliario-hosteleria\/wp-content\/uploads\/feria-milan-2018-696x348.jpg\",\"width\":344,\"height\":345},{\"@type\":\"BreadcrumbList\",\"@id\":\"https:\/\/www.multisilla.com\/mobiliario-hosteleria\/el-martes-17-comienza-la-feria-de-milan\/#breadcrumb\",\"itemListElement\":[{\"@type\":\"ListItem\",\"position\":1,\"name\":\"Portada\",\"item\":\"https:\/\/www.multisilla.com\/mobiliario-hosteleria\/\"},{\"@type\":\"ListItem\",\"position\":2,\"name\":\"El martes 17 comienza la feria de Mil\u00e1n\"}]},{\"@type\":\"WebSite\",\"@id\":\"https:\/\/www.multisilla.com\/mobiliario-hosteleria\/#website\",\"url\":\"https:\/\/www.multisilla.com\/mobiliario-hosteleria\/\",\"name\":\"Sillas de Oficina y Bar\",\"description\":\"El Especialista en Sillas, Mesas y Taburetes\",\"publisher\":{\"@id\":\"https:\/\/www.multisilla.com\/mobiliario-hosteleria\/#organization\"},\"potentialAction\":[{\"@type\":\"SearchAction\",\"target\":{\"@type\":\"EntryPoint\",\"urlTemplate\":\"https:\/\/www.multisilla.com\/mobiliario-hosteleria\/?s={search_term_string}\"},\"query-input\":\"required name=search_term_string\"}],\"inLanguage\":\"es\"},{\"@type\":\"Organization\",\"@id\":\"https:\/\/www.multisilla.com\/mobiliario-hosteleria\/#organization\",\"name\":\"Multisilla\",\"url\":\"https:\/\/www.multisilla.com\/mobiliario-hosteleria\/\",\"logo\":{\"@type\":\"ImageObject\",\"inLanguage\":\"es\",\"@id\":\"https:\/\/www.multisilla.com\/mobiliario-hosteleria\/#\/schema\/logo\/image\/\",\"url\":\"https:\/\/www.multisilla.com\/mobiliario-hosteleria\/wp-content\/uploads\/logo-multisilla-nuevo-taburetes.png\",\"contentUrl\":\"https:\/\/www.multisilla.com\/mobiliario-hosteleria\/wp-content\/uploads\/logo-multisilla-nuevo-taburetes.png\",\"width\":240,\"height\":92,\"caption\":\"Multisilla\"},\"image\":{\"@id\":\"https:\/\/www.multisilla.com\/mobiliario-hosteleria\/#\/schema\/logo\/image\/\"}},{\"@type\":\"Person\",\"@id\":\"https:\/\/www.multisilla.com\/mobiliario-hosteleria\/#\/schema\/person\/2dba5ef723f9384118a4c20876b8ba1b\",\"name\":\"Multisilla\",\"image\":{\"@type\":\"ImageObject\",\"inLanguage\":\"es\",\"@id\":\"https:\/\/www.multisilla.com\/mobiliario-hosteleria\/#\/schema\/person\/image\/\",\"url\":\"https:\/\/secure.gravatar.com\/avatar\/53a50637d077885c26af62938db26891?s=96&d=mm&r=g\",\"contentUrl\":\"https:\/\/secure.gravatar.com\/avatar\/53a50637d077885c26af62938db26891?s=96&d=mm&r=g\",\"caption\":\"Multisilla\"}}]}<\/script>\n<!-- \/ Yoast SEO plugin. -->","yoast_head_json":{"title":"El martes 17 comienza la feria de Mil\u00e1n - Sillas de Oficina y Bar","robots":{"index":"index","follow":"follow","max-snippet":"max-snippet:-1","max-image-preview":"max-image-preview:large","max-video-preview":"max-video-preview:-1"},"canonical":"https:\/\/www.multisilla.com\/mobiliario-hosteleria\/el-martes-17-comienza-la-feria-de-milan\/","og_locale":"es_ES","og_type":"article","og_title":"El martes 17 comienza la feria de Mil\u00e1n - Sillas de Oficina y Bar","og_url":"https:\/\/www.multisilla.com\/mobiliario-hosteleria\/el-martes-17-comienza-la-feria-de-milan\/","og_site_name":"Sillas de Oficina y Bar","article_published_time":"2018-04-11T07:21:53+00:00","article_modified_time":"2018-12-20T10:22:43+00:00","og_image":[{"width":344,"height":345,"url":"https:\/\/www.multisilla.com\/mobiliario-hosteleria\/wp-content\/uploads\/feria-milan-2018-696x348.jpg","type":"image\/jpeg"}],"author":"Multisilla","twitter_card":"summary_large_image","twitter_misc":{"Escrito por":"Multisilla"},"schema":{"@context":"https:\/\/schema.org","@graph":[{"@type":"Article","@id":"https:\/\/www.multisilla.com\/mobiliario-hosteleria\/el-martes-17-comienza-la-feria-de-milan\/#article","isPartOf":{"@id":"https:\/\/www.multisilla.com\/mobiliario-hosteleria\/el-martes-17-comienza-la-feria-de-milan\/"},"author":{"name":"Multisilla","@id":"https:\/\/www.multisilla.com\/mobiliario-hosteleria\/#\/schema\/person\/2dba5ef723f9384118a4c20876b8ba1b"},"headline":"El martes 17 comienza la feria de Mil\u00e1n","datePublished":"2018-04-11T07:21:53+00:00","dateModified":"2018-12-20T10:22:43+00:00","mainEntityOfPage":{"@id":"https:\/\/www.multisilla.com\/mobiliario-hosteleria\/el-martes-17-comienza-la-feria-de-milan\/"},"wordCount":70,"publisher":{"@id":"https:\/\/www.multisilla.com\/mobiliario-hosteleria\/#organization"},"image":{"@id":"https:\/\/www.multisilla.com\/mobiliario-hosteleria\/el-martes-17-comienza-la-feria-de-milan\/#primaryimage"},"thumbnailUrl":"https:\/\/www.multisilla.com\/mobiliario-hosteleria\/wp-content\/uploads\/feria-milan-2018-696x348.jpg","articleSection":["Blog"],"inLanguage":"es"},{"@type":"WebPage","@id":"https:\/\/www.multisilla.com\/mobiliario-hosteleria\/el-martes-17-comienza-la-feria-de-milan\/","url":"https:\/\/www.multisilla.com\/mobiliario-hosteleria\/el-martes-17-comienza-la-feria-de-milan\/","name":"El martes 17 comienza la feria de Mil\u00e1n - Sillas de Oficina y Bar","isPartOf":{"@id":"https:\/\/www.multisilla.com\/mobiliario-hosteleria\/#website"},"primaryImageOfPage":{"@id":"https:\/\/www.multisilla.com\/mobiliario-hosteleria\/el-martes-17-comienza-la-feria-de-milan\/#primaryimage"},"image":{"@id":"https:\/\/www.multisilla.com\/mobiliario-hosteleria\/el-martes-17-comienza-la-feria-de-milan\/#primaryimage"},"thumbnailUrl":"https:\/\/www.multisilla.com\/mobiliario-hosteleria\/wp-content\/uploads\/feria-milan-2018-696x348.jpg","datePublished":"2018-04-11T07:21:53+00:00","dateModified":"2018-12-20T10:22:43+00:00","breadcrumb":{"@id":"https:\/\/www.multisilla.com\/mobiliario-hosteleria\/el-martes-17-comienza-la-feria-de-milan\/#breadcrumb"},"inLanguage":"es","potentialAction":[{"@type":"ReadAction","target":["https:\/\/www.multisilla.com\/mobiliario-hosteleria\/el-martes-17-comienza-la-feria-de-milan\/"]}]},{"@type":"ImageObject","inLanguage":"es","@id":"https:\/\/www.multisilla.com\/mobiliario-hosteleria\/el-martes-17-comienza-la-feria-de-milan\/#primaryimage","url":"https:\/\/www.multisilla.com\/mobiliario-hosteleria\/wp-content\/uploads\/feria-milan-2018-696x348.jpg","contentUrl":"https:\/\/www.multisilla.com\/mobiliario-hosteleria\/wp-content\/uploads\/feria-milan-2018-696x348.jpg","width":344,"height":345},{"@type":"BreadcrumbList","@id":"https:\/\/www.multisilla.com\/mobiliario-hosteleria\/el-martes-17-comienza-la-feria-de-milan\/#breadcrumb","itemListElement":[{"@type":"ListItem","position":1,"name":"Portada","item":"https:\/\/www.multisilla.com\/mobiliario-hosteleria\/"},{"@type":"ListItem","position":2,"name":"El martes 17 comienza la feria de Mil\u00e1n"}]},{"@type":"WebSite","@id":"https:\/\/www.multisilla.com\/mobiliario-hosteleria\/#website","url":"https:\/\/www.multisilla.com\/mobiliario-hosteleria\/","name":"Sillas de Oficina y Bar","description":"El Especialista en Sillas, Mesas y Taburetes","publisher":{"@id":"https:\/\/www.multisilla.com\/mobiliario-hosteleria\/#organization"},"potentialAction":[{"@type":"SearchAction","target":{"@type":"EntryPoint","urlTemplate":"https:\/\/www.multisilla.com\/mobiliario-hosteleria\/?s={search_term_string}"},"query-input":"required name=search_term_string"}],"inLanguage":"es"},{"@type":"Organization","@id":"https:\/\/www.multisilla.com\/mobiliario-hosteleria\/#organization","name":"Multisilla","url":"https:\/\/www.multisilla.com\/mobiliario-hosteleria\/","logo":{"@type":"ImageObject","inLanguage":"es","@id":"https:\/\/www.multisilla.com\/mobiliario-hosteleria\/#\/schema\/logo\/image\/","url":"https:\/\/www.multisilla.com\/mobiliario-hosteleria\/wp-content\/uploads\/logo-multisilla-nuevo-taburetes.png","contentUrl":"https:\/\/www.multisilla.com\/mobiliario-hosteleria\/wp-content\/uploads\/logo-multisilla-nuevo-taburetes.png","width":240,"height":92,"caption":"Multisilla"},"image":{"@id":"https:\/\/www.multisilla.com\/mobiliario-hosteleria\/#\/schema\/logo\/image\/"}},{"@type":"Person","@id":"https:\/\/www.multisilla.com\/mobiliario-hosteleria\/#\/schema\/person\/2dba5ef723f9384118a4c20876b8ba1b","name":"Multisilla","image":{"@type":"ImageObject","inLanguage":"es","@id":"https:\/\/www.multisilla.com\/mobiliario-hosteleria\/#\/schema\/person\/image\/","url":"https:\/\/secure.gravatar.com\/avatar\/53a50637d077885c26af62938db26891?s=96&d=mm&r=g","contentUrl":"https:\/\/secure.gravatar.com\/avatar\/53a50637d077885c26af62938db26891?s=96&d=mm&r=g","caption":"Multisilla"}}]}},"modified_by":"pigmalionm","_links":{"self":[{"href":"https:\/\/www.multisilla.com\/mobiliario-hosteleria\/wp-json\/wp\/v2\/posts\/10727"}],"collection":[{"href":"https:\/\/www.multisilla.com\/mobiliario-hosteleria\/wp-json\/wp\/v2\/posts"}],"about":[{"href":"https:\/\/www.multisilla.com\/mobiliario-hosteleria\/wp-json\/wp\/v2\/types\/post"}],"author":[{"embeddable":true,"href":"https:\/\/www.multisilla.com\/mobiliario-hosteleria\/wp-json\/wp\/v2\/users\/2"}],"replies":[{"embeddable":true,"href":"https:\/\/www.multisilla.com\/mobiliario-hosteleria\/wp-json\/wp\/v2\/comments?post=10727"}],"version-history":[{"count":0,"href":"https:\/\/www.multisilla.com\/mobiliario-hosteleria\/wp-json\/wp\/v2\/posts\/10727\/revisions"}],"wp:featuredmedia":[{"embeddable":true,"href":"https:\/\/www.multisilla.com\/mobiliario-hosteleria\/wp-json\/wp\/v2\/media\/10728"}],"wp:attachment":[{"href":"https:\/\/www.multisilla.com\/mobiliario-hosteleria\/wp-json\/wp\/v2\/media?parent=10727"}],"wp:term":[{"taxonomy":"category","embeddable":true,"href":"https:\/\/www.multisilla.com\/mobiliario-hosteleria\/wp-json\/wp\/v2\/categories?post=10727"},{"taxonomy":"post_tag","embeddable":true,"href":"https:\/\/www.multisilla.com\/mobiliario-hosteleria\/wp-json\/wp\/v2\/tags?post=10727"}],"curies":[{"name":"wp","href":"https:\/\/api.w.org\/{rel}","templated":true}]}}